{"id":1196,"date":"2024-01-19T21:15:45","date_gmt":"2024-01-19T20:15:45","guid":{"rendered":"http:\/\/www.yogalini.de\/blog\/?p=1196"},"modified":"2024-09-27T15:15:02","modified_gmt":"2024-09-27T13:15:02","slug":"form-annehmen-was-verkoerperst-du","status":"publish","type":"post","link":"http:\/\/www.yogalini.de\/blog\/2024\/01\/19\/form-annehmen-was-verkoerperst-du\/","title":{"rendered":"Form-Annehmen &#8211; Was verk\u00f6rperst du?"},"content":{"rendered":"\n<figure class=\"wp-block-image size-large\"><a href=\"https:\/\/i0.wp.com\/www.yogalini.de\/blog\/wp-content\/uploads\/2024\/01\/passiver-Fisch_3-scaled.jpg\"><img data-recalc-dims=\"1\" fetchpriority=\"high\" decoding=\"async\" width=\"660\" height=\"440\" src=\"https:\/\/i0.wp.com\/www.yogalini.de\/blog\/wp-content\/uploads\/2024\/01\/passiver-Fisch_3.jpg?resize=660%2C440\" alt=\"\" class=\"wp-image-1198\" srcset=\"https:\/\/i0.wp.com\/www.yogalini.de\/blog\/wp-content\/uploads\/2024\/01\/passiver-Fisch_3-scaled.jpg?resize=1024%2C683 1024w, https:\/\/i0.wp.com\/www.yogalini.de\/blog\/wp-content\/uploads\/2024\/01\/passiver-Fisch_3-scaled.jpg?resize=300%2C200 300w, https:\/\/i0.wp.com\/www.yogalini.de\/blog\/wp-content\/uploads\/2024\/01\/passiver-Fisch_3-scaled.jpg?resize=768%2C512 768w, https:\/\/i0.wp.com\/www.yogalini.de\/blog\/wp-content\/uploads\/2024\/01\/passiver-Fisch_3-scaled.jpg?resize=1536%2C1024 1536w, https:\/\/i0.wp.com\/www.yogalini.de\/blog\/wp-content\/uploads\/2024\/01\/passiver-Fisch_3-scaled.jpg?resize=2048%2C1365 2048w, https:\/\/i0.wp.com\/www.yogalini.de\/blog\/wp-content\/uploads\/2024\/01\/passiver-Fisch_3-scaled.jpg?w=1320 1320w, https:\/\/i0.wp.com\/www.yogalini.de\/blog\/wp-content\/uploads\/2024\/01\/passiver-Fisch_3-scaled.jpg?w=1980 1980w\" sizes=\"(max-width: 660px) 100vw, 660px\" \/><\/a><\/figure>\n\n\n\n<p><\/p>\n\n\n\n<p>Nicht nur wenn wir Yoga machen, tanzen oder uns sonst irgendwie bewegen, sondern in jedem lebendigen Augenblick unseres Daseins (wenn wir an der Supermarktkasse anstehen, wenn wir jemandem zuh\u00f6ren, wenn die K\u00fcche aufr\u00e4umen oder essen,&#8230;) verk\u00f6rpern wir uns.<\/p>\n\n\n\n<p>Wir verk\u00f6rpern alles, was gerade HIER ist.<\/p>\n\n\n\n<p>Aber wieviel von uns ist wirklich hier?<\/p>\n\n\n\n<p>Sind wir k\u00f6rperlich hier oder bestehen wir in diesem lebendigen Augenblick (anscheinend) nur aus unseren Gedanken und dem, was wir glauben verstanden (oder nicht verstanden) zu haben?<\/p>\n\n\n\n<p>Weil unser unglaubliches, pures Potential, das absolut in der Lage ist, das real und lebendig zu verk\u00f6rpern, was LIEBE (wirklich) ist, sich in vielen F\u00e4llen auf ein komplett k\u00fcnstliches Ger\u00fcst in unserem Verstand zur\u00fcckgezogen hat, wecke ich mit meiner Arbeit das in dir auf, was nur darauf wartet, endlich angesprochen zu werden.<\/p>\n\n\n\n<p>Wenn ich spreche (schreibe), beginnt das in dir zu vibrieren, was auf genau derselben Frequenz lebendig in dir pulsiert. All die Teile von dir, die bisher nicht wussten, wie sie in dieser Realit\u00e4t strahlen k\u00f6nnen, beginnen auf <strong>ihre eigene Weise <\/strong>und <strong>in ihrem eigenen Rhythmus<\/strong> Form anzunehmen.<\/p>\n\n\n\n<p>Wir k\u00f6nnen auf der Grundlage unserer ganzen Bandbreite Form annehmen. D.h. wir sind nat\u00fcrlich verbunden mit allen Zeiten &#8211; oder wir k\u00f6nnen Form annehmen aufgrund von k\u00fcnstlich vorgeschlagenen Bildern (die oft<strong> in uns selbst<\/strong> auftauchen).<\/p>\n\n\n\n<p>Die k\u00fcnstlichen Angebote, die in uns selbst auftauchen, repr\u00e4sentieren eine sehr heruntergeschraubte Version von uns. Diese Version hat ihren Ursprung m\u00f6glicherweise nicht in der Reinheit und Liebe, die wir urspr\u00fcnglich sind.<\/p>\n\n\n\n<p>Wo tauchst du auf?<\/p>\n\n\n\n<p>Auf welcher Frequenzbreite verk\u00f6rperst du dich &#8211; nicht gedanklich, als Idee &#8211; sondern ganz real.<\/p>\n\n\n\n<p>Einen Austausch \u00fcber dieses Verk\u00f6rpern gibt es regelm\u00e4\u00dfig online, sowie live und sp\u00fcrbar in meinen Yoga-Angeboten in Kirchheim unter Teck<\/p>\n\n\n\n<p>Hier geht\u00b4s zu den aktuellen Angeboten: <a href=\"http:\/\/www.teck-yoga.de\/yoga_AKTUELL.html\" title=\"\">http:\/\/www.teck-yoga.de\/yoga_AKTUELL.html<\/a><\/p>\n\n\n\n<p><\/p>\n\n\n\n<p><\/p>\n","protected":false},"excerpt":{"rendered":"<p>Nicht nur wenn wir Yoga machen, tanzen oder uns sonst irgendwie bewegen, sondern in jedem lebendigen Augenblick unseres Daseins (wenn wir an der Supermarktkasse anstehen, wenn wir jemandem zuh\u00f6ren, wenn die K\u00fcche aufr\u00e4umen oder essen,&#8230;) verk\u00f6rpern wir uns. Wir verk\u00f6rpern alles, was gerade HIER ist. Aber wieviel von uns ist wirklich hier? Sind wir k\u00f6rperlich &hellip; <a href=\"http:\/\/www.yogalini.de\/blog\/2024\/01\/19\/form-annehmen-was-verkoerperst-du\/\" class=\"more-link\"><span class=\"screen-reader-text\">Form-Annehmen &#8211; Was verk\u00f6rperst du?<\/span> weiterlesen<\/a><\/p>\n","protected":false},"author":1,"featured_media":0,"comment_status":"closed","ping_status":"closed","sticky":false,"template":"","format":"standard","meta":{"jetpack_post_was_ever_published":false,"_jetpack_newsletter_access":"","_jetpack_dont_email_post_to_subs":false,"_jetpack_newsletter_tier_id":0,"_jetpack_memberships_contains_paywalled_content":false,"_jetpack_memberships_contains_paid_content":false,"footnotes":"","jetpack_publicize_message":"","jetpack_publicize_feature_enabled":true,"jetpack_social_post_already_shared":true,"jetpack_social_options":{"image_generator_settings":{"template":"highway","default_image_id":0,"font":"","enabled":false},"version":2}},"categories":[1],"tags":[],"class_list":["post-1196","post","type-post","status-publish","format-standard","hentry","category-allgemein"],"aioseo_notices":[],"jetpack_publicize_connections":[],"jetpack_featured_media_url":"","jetpack_sharing_enabled":true,"jetpack_shortlink":"https:\/\/wp.me\/p6Pno0-ji","_links":{"self":[{"href":"http:\/\/www.yogalini.de\/blog\/wp-json\/wp\/v2\/posts\/1196","targetHints":{"allow":["GET"]}}],"collection":[{"href":"http:\/\/www.yogalini.de\/blog\/wp-json\/wp\/v2\/posts"}],"about":[{"href":"http:\/\/www.yogalini.de\/blog\/wp-json\/wp\/v2\/types\/post"}],"author":[{"embeddable":true,"href":"http:\/\/www.yogalini.de\/blog\/wp-json\/wp\/v2\/users\/1"}],"replies":[{"embeddable":true,"href":"http:\/\/www.yogalini.de\/blog\/wp-json\/wp\/v2\/comments?post=1196"}],"version-history":[{"count":2,"href":"http:\/\/www.yogalini.de\/blog\/wp-json\/wp\/v2\/posts\/1196\/revisions"}],"predecessor-version":[{"id":1289,"href":"http:\/\/www.yogalini.de\/blog\/wp-json\/wp\/v2\/posts\/1196\/revisions\/1289"}],"wp:attachment":[{"href":"http:\/\/www.yogalini.de\/blog\/wp-json\/wp\/v2\/media?parent=1196"}],"wp:term":[{"taxonomy":"category","embeddable":true,"href":"http:\/\/www.yogalini.de\/blog\/wp-json\/wp\/v2\/categories?post=1196"},{"taxonomy":"post_tag","embeddable":true,"href":"http:\/\/www.yogalini.de\/blog\/wp-json\/wp\/v2\/tags?post=1196"}],"curies":[{"name":"wp","href":"https:\/\/api.w.org\/{rel}","templated":true}]}}